{"id":103,"count":3,"description":"Le sac de sport personnalis\u00e9 accompagnera vos enfants dans leurs activit\u00e9s scolaires ou extra-scolaire. Le cadeau parfait pour les enfants, ce petit sac l'accompagnera partout ou il ira.\u00a0Unique et \u00e0 son image il sera la star de la r\u00e9cr\u00e9ation.\r\n\r\nPersonnalis\u00e9 avec son avec son activit\u00e9 pr\u00e9f\u00e9r\u00e9e, avec des cordons pour la fermeture. Facile \u00e0 ouvrir et \u00e0 fermer. Il r\u00e9sistera aux al\u00e9as de la m\u00e9t\u00e9o et de la vie d'un enfant en bas \u00e2ge.","link":"https:\/\/lesgribouillisdarthur.fr\/index.php\/categorie-produit\/sac-de-sport\/","name":"Sac de sport","slug":"sac-de-sport","taxonomy":"product_cat","parent":0,"meta":[],"menu_order":0,"yoast_head":"<!-- This site is optimized with the Yoast SEO plugin v27.4 - https:\/\/yoast.com\/product\/yoast-seo-wordpress\/ -->\n<title>Sac de sport - Les Gribouillis d&#039;Arthur<\/title>\n<meta name=\"description\" content=\"Le sac de sport personnalis\u00e9 accompagnera vos enfants dans leurs activit\u00e9s scolaires ou extra-scolaire, ce petit sac l&#039;accompagnera partout ou il ira.\" \/>\n<meta name=\"robots\" content=\"index, follow, max-snippet:-1, max-image-preview:large, max-video-preview:-1\" \/>\n<link rel=\"canonical\" href=\"https:\/\/lesgribouillisdarthur.fr\/index.php\/categorie-produit\/decoration-interieur-maison\/sac-de-sport\/\" \/>\n<meta property=\"og:locale\" content=\"fr_FR\" \/>\n<meta property=\"og:type\" content=\"article\" \/>\n<meta property=\"og:title\" content=\"Sac de sport - Les Gribouillis d&#039;Arthur\" \/>\n<meta property=\"og:description\" content=\"Le sac de sport personnalis\u00e9 accompagnera vos enfants dans leurs activit\u00e9s scolaires ou extra-scolaire, ce petit sac l&#039;accompagnera partout ou il ira.\" \/>\n<meta property=\"og:url\" content=\"https:\/\/lesgribouillisdarthur.fr\/index.php\/categorie-produit\/decoration-interieur-maison\/sac-de-sport\/\" \/>\n<meta property=\"og:site_name\" content=\"Les Gribouillis d&#039;Arthur\" \/>\n<meta name=\"twitter:card\" content=\"summary_large_image\" \/>\n<script type=\"application\/ld+json\" class=\"yoast-schema-graph\">{\"@context\":\"https:\\\/\\\/schema.org\",\"@graph\":[{\"@type\":\"CollectionPage\",\"@id\":\"https:\\\/\\\/lesgribouillisdarthur.fr\\\/index.php\\\/categorie-produit\\\/decoration-interieur-maison\\\/sac-de-sport\\\/\",\"url\":\"https:\\\/\\\/lesgribouillisdarthur.fr\\\/index.php\\\/categorie-produit\\\/decoration-interieur-maison\\\/sac-de-sport\\\/\",\"name\":\"Sac de sport - Les Gribouillis d&#039;Arthur\",\"isPartOf\":{\"@id\":\"https:\\\/\\\/lesgribouillisdarthur.fr\\\/#website\"},\"description\":\"Le sac de sport personnalis\u00e9 accompagnera vos enfants dans leurs activit\u00e9s scolaires ou extra-scolaire, ce petit sac l'accompagnera partout ou il ira.\",\"breadcrumb\":{\"@id\":\"https:\\\/\\\/lesgribouillisdarthur.fr\\\/index.php\\\/categorie-produit\\\/decoration-interieur-maison\\\/sac-de-sport\\\/#breadcrumb\"},\"inLanguage\":\"fr-FR\"},{\"@type\":\"BreadcrumbList\",\"@id\":\"https:\\\/\\\/lesgribouillisdarthur.fr\\\/index.php\\\/categorie-produit\\\/decoration-interieur-maison\\\/sac-de-sport\\\/#breadcrumb\",\"itemListElement\":[{\"@type\":\"ListItem\",\"position\":1,\"name\":\"Accueil\",\"item\":\"https:\\\/\\\/lesgribouillisdarthur.fr\\\/\"},{\"@type\":\"ListItem\",\"position\":2,\"name\":\"Sac de sport\"}]},{\"@type\":\"WebSite\",\"@id\":\"https:\\\/\\\/lesgribouillisdarthur.fr\\\/#website\",\"url\":\"https:\\\/\\\/lesgribouillisdarthur.fr\\\/\",\"name\":\"Les Gribouillis d&#039;Arthur\",\"description\":\"Les Gribouillis d&#039;Arthur, cadeaux personnalis\u00e9s pour toute la famille\",\"publisher\":{\"@id\":\"https:\\\/\\\/lesgribouillisdarthur.fr\\\/#organization\"},\"potentialAction\":[{\"@type\":\"SearchAction\",\"target\":{\"@type\":\"EntryPoint\",\"urlTemplate\":\"https:\\\/\\\/lesgribouillisdarthur.fr\\\/?s={search_term_string}\"},\"query-input\":{\"@type\":\"PropertyValueSpecification\",\"valueRequired\":true,\"valueName\":\"search_term_string\"}}],\"inLanguage\":\"fr-FR\"},{\"@type\":\"Organization\",\"@id\":\"https:\\\/\\\/lesgribouillisdarthur.fr\\\/#organization\",\"name\":\"Les Gribouillis d&#039;Arthur\",\"url\":\"https:\\\/\\\/lesgribouillisdarthur.fr\\\/\",\"logo\":{\"@type\":\"ImageObject\",\"inLanguage\":\"fr-FR\",\"@id\":\"https:\\\/\\\/lesgribouillisdarthur.fr\\\/#\\\/schema\\\/logo\\\/image\\\/\",\"url\":\"https:\\\/\\\/lesgribouillisdarthur.fr\\\/wp-content\\\/uploads\\\/2022\\\/10\\\/cropped-cropped-cropped-cropped-cropped-cropped-logo-bleu-1.png\",\"contentUrl\":\"https:\\\/\\\/lesgribouillisdarthur.fr\\\/wp-content\\\/uploads\\\/2022\\\/10\\\/cropped-cropped-cropped-cropped-cropped-cropped-logo-bleu-1.png\",\"width\":254,\"height\":53,\"caption\":\"Les Gribouillis d&#039;Arthur\"},\"image\":{\"@id\":\"https:\\\/\\\/lesgribouillisdarthur.fr\\\/#\\\/schema\\\/logo\\\/image\\\/\"},\"sameAs\":[\"https:\\\/\\\/www.facebook.com\\\/lesgribouillisdarthur\",\"https:\\\/\\\/www.instagram.com\\\/lesgribouillisdarthur\\\/?hl=fr\"]}]}<\/script>\n<!-- \/ Yoast SEO plugin. -->","yoast_head_json":{"title":"Sac de sport - Les Gribouillis d&#039;Arthur","description":"Le sac de sport personnalis\u00e9 accompagnera vos enfants dans leurs activit\u00e9s scolaires ou extra-scolaire, ce petit sac l'accompagnera partout ou il ira.","robots":{"index":"index","follow":"follow","max-snippet":"max-snippet:-1","max-image-preview":"max-image-preview:large","max-video-preview":"max-video-preview:-1"},"canonical":"https:\/\/lesgribouillisdarthur.fr\/index.php\/categorie-produit\/decoration-interieur-maison\/sac-de-sport\/","og_locale":"fr_FR","og_type":"article","og_title":"Sac de sport - Les Gribouillis d&#039;Arthur","og_description":"Le sac de sport personnalis\u00e9 accompagnera vos enfants dans leurs activit\u00e9s scolaires ou extra-scolaire, ce petit sac l'accompagnera partout ou il ira.","og_url":"https:\/\/lesgribouillisdarthur.fr\/index.php\/categorie-produit\/decoration-interieur-maison\/sac-de-sport\/","og_site_name":"Les Gribouillis d&#039;Arthur","twitter_card":"summary_large_image","schema":{"@context":"https:\/\/schema.org","@graph":[{"@type":"CollectionPage","@id":"https:\/\/lesgribouillisdarthur.fr\/index.php\/categorie-produit\/decoration-interieur-maison\/sac-de-sport\/","url":"https:\/\/lesgribouillisdarthur.fr\/index.php\/categorie-produit\/decoration-interieur-maison\/sac-de-sport\/","name":"Sac de sport - Les Gribouillis d&#039;Arthur","isPartOf":{"@id":"https:\/\/lesgribouillisdarthur.fr\/#website"},"description":"Le sac de sport personnalis\u00e9 accompagnera vos enfants dans leurs activit\u00e9s scolaires ou extra-scolaire, ce petit sac l'accompagnera partout ou il ira.","breadcrumb":{"@id":"https:\/\/lesgribouillisdarthur.fr\/index.php\/categorie-produit\/decoration-interieur-maison\/sac-de-sport\/#breadcrumb"},"inLanguage":"fr-FR"},{"@type":"BreadcrumbList","@id":"https:\/\/lesgribouillisdarthur.fr\/index.php\/categorie-produit\/decoration-interieur-maison\/sac-de-sport\/#breadcrumb","itemListElement":[{"@type":"ListItem","position":1,"name":"Accueil","item":"https:\/\/lesgribouillisdarthur.fr\/"},{"@type":"ListItem","position":2,"name":"Sac de sport"}]},{"@type":"WebSite","@id":"https:\/\/lesgribouillisdarthur.fr\/#website","url":"https:\/\/lesgribouillisdarthur.fr\/","name":"Les Gribouillis d&#039;Arthur","description":"Les Gribouillis d&#039;Arthur, cadeaux personnalis\u00e9s pour toute la famille","publisher":{"@id":"https:\/\/lesgribouillisdarthur.fr\/#organization"},"potentialAction":[{"@type":"SearchAction","target":{"@type":"EntryPoint","urlTemplate":"https:\/\/lesgribouillisdarthur.fr\/?s={search_term_string}"},"query-input":{"@type":"PropertyValueSpecification","valueRequired":true,"valueName":"search_term_string"}}],"inLanguage":"fr-FR"},{"@type":"Organization","@id":"https:\/\/lesgribouillisdarthur.fr\/#organization","name":"Les Gribouillis d&#039;Arthur","url":"https:\/\/lesgribouillisdarthur.fr\/","logo":{"@type":"ImageObject","inLanguage":"fr-FR","@id":"https:\/\/lesgribouillisdarthur.fr\/#\/schema\/logo\/image\/","url":"https:\/\/lesgribouillisdarthur.fr\/wp-content\/uploads\/2022\/10\/cropped-cropped-cropped-cropped-cropped-cropped-logo-bleu-1.png","contentUrl":"https:\/\/lesgribouillisdarthur.fr\/wp-content\/uploads\/2022\/10\/cropped-cropped-cropped-cropped-cropped-cropped-logo-bleu-1.png","width":254,"height":53,"caption":"Les Gribouillis d&#039;Arthur"},"image":{"@id":"https:\/\/lesgribouillisdarthur.fr\/#\/schema\/logo\/image\/"},"sameAs":["https:\/\/www.facebook.com\/lesgribouillisdarthur","https:\/\/www.instagram.com\/lesgribouillisdarthur\/?hl=fr"]}]}},"_links":{"self":[{"href":"https:\/\/lesgribouillisdarthur.fr\/index.php\/wp-json\/wp\/v2\/product_cat\/103","targetHints":{"allow":["GET"]}}],"collection":[{"href":"https:\/\/lesgribouillisdarthur.fr\/index.php\/wp-json\/wp\/v2\/product_cat"}],"about":[{"href":"https:\/\/lesgribouillisdarthur.fr\/index.php\/wp-json\/wp\/v2\/taxonomies\/product_cat"}],"wp:post_type":[{"href":"https:\/\/lesgribouillisdarthur.fr\/index.php\/wp-json\/wp\/v2\/product?product_cat=103"}],"curies":[{"name":"wp","href":"https:\/\/api.w.org\/{rel}","templated":true}]}}